{"id":4246,"date":"2023-12-18T16:07:20","date_gmt":"2023-12-18T14:07:20","guid":{"rendered":"https:\/\/varnita.md\/?p=4246"},"modified":"2023-12-18T16:07:32","modified_gmt":"2023-12-18T14:07:32","slug":"gala-de-integritate-2023","status":"publish","type":"post","link":"https:\/\/varnita.md\/?p=4246","title":{"rendered":"GALA DE INTEGRITATE 2023"},"content":{"rendered":"<div class=\"wp-block-image is-style-default\">\n<figure class=\"alignleft size-large is-resized\"><img loading=\"lazy\" decoding=\"async\" width=\"2000\" height=\"1625\" src=\"https:\/\/varnita.md\/wp-content\/uploads\/2023\/12\/dippp-2000x1625.jpg\" alt=\"\" class=\"wp-image-4248\" style=\"aspect-ratio:1.2307692307692308;width:398px;height:auto\" srcset=\"https:\/\/varnita.md\/wp-content\/uploads\/2023\/12\/dippp-2000x1625.jpg 2000w, https:\/\/varnita.md\/wp-content\/uploads\/2023\/12\/dippp-768x624.jpg 768w, https:\/\/varnita.md\/wp-content\/uploads\/2023\/12\/dippp-1536x1248.jpg 1536w, https:\/\/varnita.md\/wp-content\/uploads\/2023\/12\/dippp-2048x1664.jpg 2048w\" sizes=\"auto, (max-width: 2000px) 100vw, 2000px\" \/><\/figure>\n<\/div>\n\n\n<p><strong>La data de 15.12.2023 Prim\u0103ria Varni\u021ba<\/strong> a avut onoarea de a participa \u0219i de a fi premiat\u0103 \u00een cadrul <strong>GALEI DE INTEGRITATE 2023<\/strong> organizat\u0103 de <strong>AO Centrul de Analiz\u0103 \u0219i Prevenire a Corup\u021biei<\/strong>.<\/p>\n\n\n\n<p>La acest eveniment public, au fost premiate \u0219i entit\u0103\u021bile publice, care \u00ee\u0219i exercit\u0103 profesia onest \u0219i \u00een interesul societ\u0103\u021bii la categoriile: <strong>MEREU \u00ceN SERVICIUL CET\u0102\u021aEANULUI<\/strong>, <strong>PRIM\u0102RIA TRANSPARENT\u0102<\/strong> \u0219i <strong>LIDER \u00ceN IMPLEMENTAREA POLITICILOR ANTICORUP\u021aIE<\/strong>.<\/p>\n\n\n\n<p>Premian\u021bii au fost valida\u021bi de c\u0103tre <strong>Bordul Galei de Integritate<\/strong>, care este format din 9 reprezentan\u021bi: <strong>Pre\u0219edintele Consiliul de Administrare a CAPC<\/strong>, <strong>Pre\u0219edintele CAPC<\/strong>, reprezentan\u021bi ai <strong>Consiliului Superior al Magistraturii<\/strong>, <strong>Consiliului Superior al Procurorilor<\/strong>; <strong>Uniunii Avoca\u0163ilor din Republica Moldova<\/strong>, <strong>Uniunii Na\u021bionale a Executorilor Judec\u0103tore\u0219ti din Moldova<\/strong>,<strong> IDIS Viitorul<\/strong> \u0219i <strong>TI Moldova<\/strong>.<\/p>\n\n\n\n<p>Astfel, <strong>TROFEUL GALEI INTEGRIT\u0102\u021aII<\/strong>, \u00eenso\u021bit de diplom\u0103 de onoare, a fost oferit la <strong>Categoria PRIM\u0102RIA TRANSPARENT\u0102<\/strong> pentru subcategoria:<\/p>\n\n\n\n<p><strong>Nivel I (sat, comun\u0103) \u2013 Prim\u0103ria satului Varni\u021ba (r-l Anenii Noi).<\/strong><\/p>\n\n\n\n<p>Mul\u021bumim mult organizatorilor pentru apreciere.<\/p>\n","protected":false},"excerpt":{"rendered":"<p>La data de 15.12.2023 Prim\u0103ria Varni\u021ba a avut onoarea de a participa \u0219i de a fi premiat\u0103 \u00een cadrul GALEI DE INTEGRITATE 2023 organizat\u0103 de<\/p>\n","protected":false},"author":6,"featured_media":0,"comment_status":"open","ping_status":"open","sticky":false,"template":"","format":"standard","meta":{"CBBTypography":[],"footnotes":""},"categories":[1],"tags":[],"class_list":["post-4246","post","type-post","status-publish","format-standard","hentry","category-evenimente"],"views":68,"_links":{"self":[{"href":"https:\/\/varnita.md\/index.php?rest_route=\/wp\/v2\/posts\/4246","targetHints":{"allow":["GET"]}}],"collection":[{"href":"https:\/\/varnita.md\/index.php?rest_route=\/wp\/v2\/posts"}],"about":[{"href":"https:\/\/varnita.md\/index.php?rest_route=\/wp\/v2\/types\/post"}],"author":[{"embeddable":true,"href":"https:\/\/varnita.md\/index.php?rest_route=\/wp\/v2\/users\/6"}],"replies":[{"embeddable":true,"href":"https:\/\/varnita.md\/index.php?rest_route=%2Fwp%2Fv2%2Fcomments&post=4246"}],"version-history":[{"count":0,"href":"https:\/\/varnita.md\/index.php?rest_route=\/wp\/v2\/posts\/4246\/revisions"}],"wp:attachment":[{"href":"https:\/\/varnita.md\/index.php?rest_route=%2Fwp%2Fv2%2Fmedia&parent=4246"}],"wp:term":[{"taxonomy":"category","embeddable":true,"href":"https:\/\/varnita.md\/index.php?rest_route=%2Fwp%2Fv2%2Fcategories&post=4246"},{"taxonomy":"post_tag","embeddable":true,"href":"https:\/\/varnita.md\/index.php?rest_route=%2Fwp%2Fv2%2Ftags&post=4246"}],"curies":[{"name":"wp","href":"https:\/\/api.w.org\/{rel}","templated":true}]}}