{"id":3180,"date":"2020-11-10T15:25:15","date_gmt":"2020-11-10T12:25:15","guid":{"rendered":"http:\/\/varnita.md\/?p=3180"},"modified":"2022-03-29T15:52:44","modified_gmt":"2022-03-29T13:52:44","slug":"raport-privind-impactul-social-economic-al-proiectului-reconstructia-si-modernizarea-iluminatului-stradal-cu-utilizarea-sistemelor-de-iluminat-led-sectorul-3-din-s-varnita","status":"publish","type":"post","link":"https:\/\/varnita.md\/?p=3180","title":{"rendered":"Raport privind impactul social \u2013 economic al proiectului \u201eReconstruc\u021bia \u0219i modernizarea iluminatului stradal cu utilizarea sistemelor de iluminat LED \u00een sectorul 3 din s. Varni\u021ba.\u201d, prin intermediul Programului activit\u0103\u021bilor de reintegrare a \u021b\u0103rii pentru anul 2020"},"content":{"rendered":"<p>Satul Varni\u021ba are o popula\u021bie de 5200 locuitori \u015fi se m\u0103rgine\u0219te cu trei cartiere a ora\u015fului Bender: Lipcani (~4000 locuitori ), Solnecin\u00e2\u00eei (10 000 locuitori ) \u015fi Severn\u00eei (5000 locuitori), \u00eentre cartierele Solnecin\u00eei \u015fi Severn\u00eei cu satul Varni\u0163a nu exist\u0103 vam\u0103, accesul locuitorilor este liber. P\u00e2n\u0103 la conflictul Transnistrean din anul 1992, s. Varni\u021ba a fost parte component\u0103 a ora\u015fului Bender. Re\u021bele de ap\u0103, gaz \u0219i inclusiv re\u021belele electrice au fost \u0219i sunt la balan\u021ba administra\u021biei or. Bender \u0219i sunt deservite de serviciile specializate din regiunea transnistrean\u0103. La moment re\u021belele electrice din satul Varni\u021ba sunt deservite de&nbsp; GUP \u201eEdinnie&nbsp; raspredeliteli electrosetei\u201d, inclusiv ei presteaz\u0103 servicii de iluminat stradal.<\/p>\n<p><!--more--><\/p>\n<p>\u00cen anul 2020&nbsp; prin intermediul Programului activit\u0103\u021bilor de reintegrare a \u021b\u0103rii, prim\u0103ria Varni\u021ba&nbsp; a beneficiat de 695.5 mii lei pentru realizarea proiectului&nbsp; \u201eInstalarea sistemului de iluminat stradal cu utilizarea sistemelor de iluminat LED \u00een sectorul 3 din s. Varni\u021ba.\u201d, suma total\u0103 a investi\u021biilor conform contractului &nbsp;nr. 1\/20 din 20.07.2020 este de 625912,66 lei \u0219i suplimentar s-au efectuat lucr\u0103ri \u00een sum\u0103 de 61472,92 lei, conform contractului de valoare mic\u0103 nr.32 din 03.09.2020. Lucr\u0103rile au fost executate de SRL \u201eCVR-Electro\u201d \u00een perioada 20.07.2020 -02.10.2020, ca rezultat au fost trasate 7 km de re\u021bea \u0219i instalate 137 corpuri de iluminat. \u00cen total in anii 2017-2020 prin intermediul Programului activit\u0103\u021bilor de reintegrare a \u021b\u0103rii, \u00een satul Varni\u021ba au fost iluminate practic 80% din str\u0103zi (trei sectoare):<\/p>\n<ul>\n<li>primul sector- 199 978,02 lei<\/li>\n<li>al doilea sector- 361 028,17 lei<\/li>\n<li>al treilea sector-693&nbsp;644,58 lei<\/li>\n<\/ul>\n<p>Ca contribu\u021bie Prim\u0103ria Varni\u021ba a achitat elaborarea Proiectelor tehnice si a Devizelor de cheltuieli.<\/p>\n<ul>\n<li>Primul sector 2017- 18&nbsp;542,00 lei<\/li>\n<li>al doilea sector 2018- 24&nbsp;588,00 lei<\/li>\n<li>al treilea sector 2020-26&nbsp;287, 00 lei<\/li>\n<\/ul>\n<p><strong><em>Scopul proiectului a fost<\/em><\/strong> \u00cembun\u0103t\u0103\u021birea calit\u0103\u021bii, extinderea \u0219i modernizarea&nbsp; serviciilor de <strong><em>iluminat stradal eficient energetic<\/em><\/strong>&nbsp; pentru locutorii din al treilea sector al&nbsp; satului Varni\u021ba.<\/p>\n<p><strong><em>Obiectivele proiectului:<\/em><\/strong><\/p>\n<p><strong>O1<\/strong>. &#8211; Reducerea consumului de&nbsp; energie electric\u0103 \u0219i a cheltuielilor pentru iluminatul stradal, prin utilizarea surselor energetice&nbsp; moderne.<\/p>\n<p><strong>O2<\/strong>. &#8211; Impact social pozitiv, prin asigurarea securit\u0103\u021bii la trafic pentru cet\u0103\u021benii din al 3 sector din s. Varni\u021ba&nbsp; pe timp de noapte.<\/p>\n<p><strong>O3<\/strong>. &#8211; Reducerea emisiilor de poluan\u021bi, care au efect negativ asupra mediului, prin promovarea surselor de energie ecologic\u0103.<\/p>\n<p><strong>O4.<\/strong> &#8211; Dezvoltarea parteneriatului \u0219i conlucrarea productiv\u0103 cu serviciile \u201eGUP&nbsp; Electrosti Bender\u201d, pentru extinderea \u0219i modernizarea sistemului de iluminat stradal existent \u00een satul Varni\u021ba.<\/p>\n<p>\u00cen rezultatul implement\u0103rii proiectului s-a \u00eembun\u0103t\u0103\u021bit calitatea \u0219i s-a&nbsp; modernizat serviciul de iluminat stradal pentru locuitorii din satul Varni\u021ba, \u00een special pentru un cartier cu peste 750 de gospod\u0103rii. La fel, ca beneficiari putem enumera urm\u0103toarele institu\u021bii:<\/p>\n<ul>\n<li>Prim\u0103ria Varni\u021ba &nbsp;are 18 angaja\u021bi dintre care 11 femei.<\/li>\n<li>Gr\u0103dini\u021ba \u201dRomani\u021ba\u201d, Centrul de Cultura, Scoal\u0103 de Arte, Centrul Asclepio- 100 de angaja\u021bi, dintre care 83 femei.<\/li>\n<li>Liceul Teoretic Varni\u021ba- 46 angaja\u021bi, dintre care 40 femei, 380 copii<\/li>\n<li>GUP \u201eEdinnie Raspredeliteli Electrosetei\u201d or.Bender., regiunea transnistreana<\/li>\n<\/ul>\n<p>S-a redus esen\u021bial consumul de energie electric\u0103 \u0219i cheltuielile pentru iluminatul stradal. Este \u0219i&nbsp; impact social pozitiv \u2013 a crescut&nbsp; siguran\u021ba cet\u0103\u021benilor pe timp de noapte, s-a redus accidentele rutiere. S-a creat condi\u021bii optime pentru locuitori \u00een mod special pentru persoanele \u00een v\u00e2rst\u0103 care se deplaseaz\u0103 pe drumurile din localitate. Se promoveaz\u0103 sursele de energie ecologic\u0103, care contribuie la protec\u021bia mediului, sporirea eficien\u021bei energetice, c\u00e2t \u0219i la schimbarea aspectului localit\u0103\u021bii Varni\u021ba. Proiectul dat este un model de utilizare a surselor energetice&nbsp; moderne pentru regiunea transnistrean\u0103.<\/p>\n<p>Recent, \u00een luna octombrie 2020, Prim\u0103ria Varni\u021ba a iluminat fa\u021bada cl\u0103dirii Prim\u0103riei instal\u00e2nd Stema Moldovei, Stema s.Varni\u021ba, denumirea Prim\u0103riei \u00een volum cu iluminare LED, inclusiv s-a iluminat panourile publicitare- informative \u00een sum\u0103 de 17&nbsp;000,00 lei.<\/p>\n<p>Prim\u0103ria Varni\u021ba va asigura continuitatea proiectului dat, va elabora proiecte noi de iluminat stradal \u0219i pentru alte sectoare ale satului Varni\u021ba.<\/p>\n<p><strong><em>Calitatea vie\u021bii popula\u021biei este un indicator ce reflect\u0103 schimb\u0103rile \u0219i procesele sociale ce au loc \u0219i, totodat\u0103, reflect\u0103 gradul de dezvoltare al localit\u0103\u021bii.&nbsp;<\/em><\/strong><\/p>\n<p><a href=\"https:\/\/www.facebook.com\/PrimariaVarnita\/posts\/3031740123605183\">https:\/\/www.facebook.com\/PrimariaVarnita\/posts\/3031740123605183<\/a><\/p>\n","protected":false},"excerpt":{"rendered":"<p>Satul Varni\u021ba are o popula\u021bie de 5200 locuitori \u015fi se m\u0103rgine\u0219te cu trei cartiere a ora\u015fului Bender: Lipcani (~4000 locuitori ), Solnecin\u00e2\u00eei (10 000 locuitori<\/p>\n","protected":false},"author":4,"featured_media":0,"comment_status":"open","ping_status":"open","sticky":false,"template":"","format":"standard","meta":{"CBBTypography":[],"footnotes":""},"categories":[1],"tags":[],"class_list":["post-3180","post","type-post","status-publish","format-standard","hentry","category-evenimente"],"views":136,"_links":{"self":[{"href":"https:\/\/varnita.md\/index.php?rest_route=\/wp\/v2\/posts\/3180","targetHints":{"allow":["GET"]}}],"collection":[{"href":"https:\/\/varnita.md\/index.php?rest_route=\/wp\/v2\/posts"}],"about":[{"href":"https:\/\/varnita.md\/index.php?rest_route=\/wp\/v2\/types\/post"}],"author":[{"embeddable":true,"href":"https:\/\/varnita.md\/index.php?rest_route=\/wp\/v2\/users\/4"}],"replies":[{"embeddable":true,"href":"https:\/\/varnita.md\/index.php?rest_route=%2Fwp%2Fv2%2Fcomments&post=3180"}],"version-history":[{"count":0,"href":"https:\/\/varnita.md\/index.php?rest_route=\/wp\/v2\/posts\/3180\/revisions"}],"wp:attachment":[{"href":"https:\/\/varnita.md\/index.php?rest_route=%2Fwp%2Fv2%2Fmedia&parent=3180"}],"wp:term":[{"taxonomy":"category","embeddable":true,"href":"https:\/\/varnita.md\/index.php?rest_route=%2Fwp%2Fv2%2Fcategories&post=3180"},{"taxonomy":"post_tag","embeddable":true,"href":"https:\/\/varnita.md\/index.php?rest_route=%2Fwp%2Fv2%2Ftags&post=3180"}],"curies":[{"name":"wp","href":"https:\/\/api.w.org\/{rel}","templated":true}]}}